{"id":146,"date":"2012-06-24T12:57:13","date_gmt":"2012-06-24T10:57:13","guid":{"rendered":"http:\/\/alleswech.de\/blog\/?p=146"},"modified":"2012-06-24T12:57:13","modified_gmt":"2012-06-24T10:57:13","slug":"keep-on-rockin","status":"publish","type":"post","link":"http:\/\/alleswech.de\/blog\/2012\/06\/24\/keep-on-rockin\/","title":{"rendered":"Keep on rockin&#8216;"},"content":{"rendered":"<p>Tag 3 des Jubil\u00e4ums- <a href=\"http:\/\/www.umsonst-und-draussen.de\/\">U&amp;D<\/a><\/p>\n<p>&nbsp;<\/p>\n<p>Heute hab ich es endlich geschafft mal mehr Musik zu h\u00f6ren und weniger zu latschen. Das Wetter war U&amp;D untypisch richtig gut, angenehm warm mit viel Sonne und immer wieder ein erfrischendes L\u00fcftchen.<\/p>\n<p>Auf der Drinnen-B\u00fchne gingen Willie Tanner ordentlich ab. Ordentlich anst\u00e4ndiger Rock, dass das Zelt nicht \u00fcberm\u00e4\u00dfig gut besucht war, st\u00f6rte aber nicht wirklich, schon garnicht die Frontfrau die vor Engergie nur so spr\u00fchte.<\/p>\n<p>&nbsp;<\/p>\n<p>Anschlie\u00dfend hab ich mir NEOH angeschaut. Sehr sch\u00f6ne pop\/rockige deutsche Musik, vergleichbar mit Juli. Das Zelt war schon ganz gut gef\u00fcllt und die meisten Zuschauer setzten sich gem\u00fctlich auf den Boden und lauschten den angenehmen T\u00f6nen.<\/p>\n<p>&nbsp;<\/p>\n<p>Zwischendrinnen gab es noch ein kleines Twitter- und Bloggertreffen vor dem Kunstzelt, mit dabei war ein Mitarbeiter von Steinigke und es entwickelte sich eine sehr sch\u00f6ne und konstruktive Diskussion, wie es m\u00f6glich w\u00e4re f\u00fcr 2013 wieder eine Twitterwall f\u00fcrs U&amp;D zu bekommen. Die Chancen stehen zumindest nicht schlecht. \ud83d\ude42<\/p>\n<p>&nbsp;<\/p>\n<p>Danach gings wieder in die Drinnen-B\u00fchne zu Retro Stefson. Am Anfang war ich noch nicht wirklich davon \u00fcberzeugt was die Isl\u00e4nder so spielten, innerhalb weniger Minuten wandelte sich das aber um 180\u00b0. Was die 7 Musiker da ablieferten war der absolute Hammer, f\u00fcr mich bisher definitv die beste Band aufm U&amp;D.<\/p>\nngg_shortcode_0_placeholder\n","protected":false},"excerpt":{"rendered":"<p>Tag 3 des Jubil\u00e4ums- U&amp;D &nbsp; Heute hab ich es endlich geschafft mal mehr Musik zu h\u00f6ren und weniger zu latschen. Das Wetter war U&amp;D untypisch richtig gut, angenehm warm mit viel Sonne und immer wieder ein erfrischendes L\u00fcftchen. Auf der Drinnen-B\u00fchne gingen Willie Tanner ordentlich ab. Ordentlich anst\u00e4ndiger Rock, dass das Zelt nicht \u00fcberm\u00e4\u00dfig [&hellip;]<\/p>\n","protected":false},"author":2,"featured_media":0,"comment_status":"open","ping_status":"open","sticky":false,"template":"","format":"standard","meta":{"ngg_post_thumbnail":0,"footnotes":""},"categories":[1,9],"tags":[],"class_list":["post-146","post","type-post","status-publish","format-standard","hentry","category-allgemein","category-musik"],"_links":{"self":[{"href":"http:\/\/alleswech.de\/blog\/wp-json\/wp\/v2\/posts\/146","targetHints":{"allow":["GET"]}}],"collection":[{"href":"http:\/\/alleswech.de\/blog\/wp-json\/wp\/v2\/posts"}],"about":[{"href":"http:\/\/alleswech.de\/blog\/wp-json\/wp\/v2\/types\/post"}],"author":[{"embeddable":true,"href":"http:\/\/alleswech.de\/blog\/wp-json\/wp\/v2\/users\/2"}],"replies":[{"embeddable":true,"href":"http:\/\/alleswech.de\/blog\/wp-json\/wp\/v2\/comments?post=146"}],"version-history":[{"count":10,"href":"http:\/\/alleswech.de\/blog\/wp-json\/wp\/v2\/posts\/146\/revisions"}],"predecessor-version":[{"id":156,"href":"http:\/\/alleswech.de\/blog\/wp-json\/wp\/v2\/posts\/146\/revisions\/156"}],"wp:attachment":[{"href":"http:\/\/alleswech.de\/blog\/wp-json\/wp\/v2\/media?parent=146"}],"wp:term":[{"taxonomy":"category","embeddable":true,"href":"http:\/\/alleswech.de\/blog\/wp-json\/wp\/v2\/categories?post=146"},{"taxonomy":"post_tag","embeddable":true,"href":"http:\/\/alleswech.de\/blog\/wp-json\/wp\/v2\/tags?post=146"}],"curies":[{"name":"wp","href":"https:\/\/api.w.org\/{rel}","templated":true}]}}