{"id":157,"date":"2012-06-25T21:28:08","date_gmt":"2012-06-25T19:28:08","guid":{"rendered":"http:\/\/alleswech.de\/blog\/?p=157"},"modified":"2012-06-25T21:28:08","modified_gmt":"2012-06-25T19:28:08","slug":"regen-im-juni-oder-es-ist-mal-wieder-ud","status":"publish","type":"post","link":"http:\/\/alleswech.de\/blog\/2012\/06\/25\/regen-im-juni-oder-es-ist-mal-wieder-ud\/","title":{"rendered":"Regen im Juni oder es ist mal wieder U&#038;D"},"content":{"rendered":"<p>Tja, gebraucht h\u00e4tts wohl keiner aber der Sonntag hat sich an die <del>gute<\/del> alte Tradition erinnert, wonach ein <a href=\"http:\/\/www.umsonst-und-draussen.de\/\">U&amp;D<\/a> ja nass sein muss. Der Abbruch am Donnerstag scheint nicht gereicht zu haben. Am Anfang sah es ja noch ganz gut aus, aber im Laufe des Tages wurde das Wetter dann leider schlechter. Als Folge des schlechten Wetters wurde der Auftritt von Carolin No von der Draussen-B\u00fchne ins &amp;-Zelt verlegt.<\/p>\n<p>Mein Tag begann mit gem\u00fctlichem Schlendern, was besonderes hat ich mir nicht rausgesucht, einzigst die Monster of Liedermaching wollt ich sehen. Flei\u00dfig wie die Jungs waren, hatten die gleich zwei Auftritte, den ersten mittags im &amp;-Zelt. Noch nicht vollz\u00e4hlig haben Sie dann schonmal angefangen, w\u00e4hrend Teile scheinbar den <del>Fehler machten<\/del> CO2-neutral mit der Bahn anreisten. Erwartungsgem\u00e4\u00df war die Stimmung wieder grandios, es flo\u00df genug Bier auf der B\u00fchne und selbst \u00e4lteren Zuschauern wurde (w\u00e4hrend dem Auftritt) ein Erinnerungsfoto nicht verwehrt. Wo hat man denn sonst sowas??<\/p>\n<p>Auf der Draussen-B\u00fchne haben viele &#8222;\u00e4ltere&#8220; Bands gespielt, auch einige die schon Jahre nicht mehr gemeinsam auf der B\u00fchne standen und sich nur f\u00fcr das 25. U&amp;D nochmal zusammen getan hatten. Eine super Aktion wie ich finde!<\/p>\n<p>Auf der Drinnen-B\u00fchne spielte dann &#8222;El Mago Masin &amp; *wildcamping&#8220;, eine Mischung aus Ska, Reggae und Comedy. Da war wieder sch\u00f6ne gute Laune, mittlerweile war das Festival aber leider nicht mehr so gut besucht, da es\u00a0 wie aus Eimern go\u00df. Gut dass die Drinnen-B\u00fchne im Zelt war.<\/p>\n<p>Das Zelt f\u00fcllte sich nun wieder, da ja der letzte Auftritt der Monsters dieses Jahr anstand. Mit 20 min\u00fctiger Versp\u00e4tung startete dann auch das Konzert, die Stimmung war sowohl auf der B\u00fchne als auch im Zelt \u00fcberragend. Es wurden vermehrt Lieder vom neuen Album, dass im August erscheint, pr\u00e4sentiert. Die ollen Kamellen wurden nat\u00fcrlich auch nicht vergessen, spontan entschied ich mich dann noch vor ins &amp;-Zelt zu maschieren.<\/p>\n<p>Dort spielte, wie bereits erw\u00e4hnt, Carolin No. Ausser, dass mir der Name schon mehrfach im Programmheft des U&amp;D \u00fcber den Weg gelaufen ist, konnt ich damit nichts anfangen. Nuja, irgendwie war und bin ich immer noch geflasht. Wundersch\u00f6ne ruhige Musik, viel mehr als das was ich gestern abend getwittert hatte f\u00e4llt mir auch grad nicht ein: WOW<\/p>\n<p>&nbsp;<\/p>\n<p>Nach 4 grandiosen Tagen ist also nun das U&amp;D wieder vorbei. Das Festival hat ganz sch\u00f6n an meinen Kr\u00e4ften gezerrt wie ich heute erleben durfte. (Ok auch am Sonntag war ich schon recht platt)<\/p>\n<p>&nbsp;<\/p>\n<p>Vielen Dank an die Organisatoren, die Bands, die Zuschauer und ganz besonders die vielen Helfer im Hintergrund!!!<\/p>\n<p>&nbsp;<\/p>\n<p>Ich freu mich tierisch auf n\u00e4chstes Jahr! \ud83d\ude42<\/p>\n<p>&nbsp;<\/p>\n<p>Bilder vom Sonntag kommen die Tage noch nach.<\/p>\n","protected":false},"excerpt":{"rendered":"<p>Tja, gebraucht h\u00e4tts wohl keiner aber der Sonntag hat sich an die gute alte Tradition erinnert, wonach ein U&amp;D ja nass sein muss. Der Abbruch am Donnerstag scheint nicht gereicht zu haben. Am Anfang sah es ja noch ganz gut aus, aber im Laufe des Tages wurde das Wetter dann leider schlechter. Als Folge des [&hellip;]<\/p>\n","protected":false},"author":2,"featured_media":0,"comment_status":"open","ping_status":"open","sticky":false,"template":"","format":"standard","meta":{"ngg_post_thumbnail":0,"footnotes":""},"categories":[1,9],"tags":[],"class_list":["post-157","post","type-post","status-publish","format-standard","hentry","category-allgemein","category-musik"],"_links":{"self":[{"href":"http:\/\/alleswech.de\/blog\/wp-json\/wp\/v2\/posts\/157","targetHints":{"allow":["GET"]}}],"collection":[{"href":"http:\/\/alleswech.de\/blog\/wp-json\/wp\/v2\/posts"}],"about":[{"href":"http:\/\/alleswech.de\/blog\/wp-json\/wp\/v2\/types\/post"}],"author":[{"embeddable":true,"href":"http:\/\/alleswech.de\/blog\/wp-json\/wp\/v2\/users\/2"}],"replies":[{"embeddable":true,"href":"http:\/\/alleswech.de\/blog\/wp-json\/wp\/v2\/comments?post=157"}],"version-history":[{"count":4,"href":"http:\/\/alleswech.de\/blog\/wp-json\/wp\/v2\/posts\/157\/revisions"}],"predecessor-version":[{"id":161,"href":"http:\/\/alleswech.de\/blog\/wp-json\/wp\/v2\/posts\/157\/revisions\/161"}],"wp:attachment":[{"href":"http:\/\/alleswech.de\/blog\/wp-json\/wp\/v2\/media?parent=157"}],"wp:term":[{"taxonomy":"category","embeddable":true,"href":"http:\/\/alleswech.de\/blog\/wp-json\/wp\/v2\/categories?post=157"},{"taxonomy":"post_tag","embeddable":true,"href":"http:\/\/alleswech.de\/blog\/wp-json\/wp\/v2\/tags?post=157"}],"curies":[{"name":"wp","href":"https:\/\/api.w.org\/{rel}","templated":true}]}}