{"id":163,"date":"2012-07-02T20:03:24","date_gmt":"2012-07-02T18:03:24","guid":{"rendered":"http:\/\/alleswech.de\/blog\/?p=163"},"modified":"2012-07-02T20:03:24","modified_gmt":"2012-07-02T18:03:24","slug":"in-der-grosten-sauna-der-welt","status":"publish","type":"post","link":"http:\/\/alleswech.de\/blog\/2012\/07\/02\/in-der-grosten-sauna-der-welt\/","title":{"rendered":"In der gr\u00f6\u00dften Sauna der Welt"},"content":{"rendered":"<p>Samstag war wohl einer der w\u00e4rmsten Tage des ganzen Jahres, in meiner Dachgeschosswohnung wars schonmal nicht wirklich k\u00fchl aber als gr\u00f6\u00dfte Sauna kann man das nicht wirklich bezeichnen. Nein die gr\u00f6\u00dfte Sauna der Welt war an diesem Abend die Festhalle in Frankfurt. Hier trat die beste Band der Welt auf. F\u00fcr alle die nix damit anfangen k\u00f6nnen: <strong>Die \u00c4rzte<\/strong> haben Frankfurt gerockt aber sowas von!!!<\/p>\n<p>Gemeinsam mit <a href=\"https:\/\/twitter.com\/#!\/tandzi\/\">Tanja<\/a>, <a href=\"https:\/\/twitter.com\/#!\/terebinthe\">Simone<\/a> und <a href=\"https:\/\/twitter.com\/#!\/PraetorCreech\">Nils<\/a> war ich auf der &#8222;Das Ende ist noch nicht vorbei&#8220;-Tour. Die <a href=\"http:\/\/photosynth.net\/view.aspx?cid=98cad8b9-6d82-4a43-a49b-a948fee20187\">Festhalle<\/a> in Frankfurt war zum zweiten Mal hintereinander komplett ausverkauft. Neben uns vieren waren also noch ne ganze Menge anderer Menschen in der Halle. Direkt beim reingehen war man eigentlich schon komplett nass, weils einfach so warm war. Der Beginn des Konzerts war um 19:30Uhr, gestartet wurde mit der Band Sator aus Schweden, sch\u00f6ner anst\u00e4ndiger Rock!<\/p>\n<p>Im folgenden kletterte nun ein Techniker auf die B\u00fchnenkonstruktion, zuerst dachte ich noch es sei was mit der Technik nicht in Ordnung. Als allerdings zwei weitere Techniker, wovon einer unanst\u00e4ndige Dinge mit einer Gummipuppe anstellte, auch nach oben kraxelten, war klar, des geh\u00f6rt so. Es waren drei gro\u00dfe Quadrate aufgeh\u00e4ngt, bei denen je einer Platz nahm und die Personenscheinwerfer (wie nennt man die Teile die auf jemanden auf der B\u00fchne gerichtet sind?) beinhalteten. Den drei Leuten war also die Aufgabe zuteil geworden, \u00fcber das ganze Konzert Bela, Farin und Rod im richtigen Licht da stehen zu lassen.<\/p>\n<p>Gegen 20:30Uhr fingen dann die \u00c4rzte mit dem eigentlichen Konzert an und wer nicht weiss was da los ist, dem sei w\u00e4rmsten die bereits erschiene <a href=\"http:\/\/bademeister.bravado.de\/p6-i4019593900037\/die-aerzte\/die-band-die-sie-pferd-nannten\/index.html\">Live-DVD<\/a> ans Herz gelegt. F\u00fcr mich als kleines Pers\u00f6nchen sind so Konzerte ja immer eher suboptimal, wenn ich nicht grad in der ersten Reihe steh, mit anderen Worten ich hab erstmal nix gesehen. Gl\u00fccklicherweise gab es noch zwei gro\u00dfe Video-Leinw\u00e4nde auf der B\u00fchne, auf der entweder die K\u00fcnstler oder passende Clips gezeigt wurden. Da die \u00c4rzte ja ein kleines Problem damit haben sich kurz zu fassen, was ich jetzt echt nicht schlecht finde, dauert das Konzert auch etwas l\u00e4nger. Dass da auch sehr viel Gequatsche dabei ist geh\u00f6rt genauso zu den \u00c4rzten wie die klasse Musik. Gewundert hab ich mich aber schon, dass nach knapp \u00fcber 2 Std das Konzert schon vorbei sein soll. Ok war ja klar, dass des nicht so einfach geht. Insgesamt gaben die alten Herren (ja nach 30 Jahren\u00a0 auf der B\u00fchne is ma nimmer der J\u00fcngste) dann auch 3 Zugaben und so ging das Konzert doch bis nach 23:30 also \u00fcber 3 Stunden. Meine Begleiter haben allesamt geschw\u00e4chelt, allerdings kann ich es Ihnen nicht ver\u00fcbeln, in der Halle wars echt warm und nach 4 Stunden war ich \u00fcber den Nieselregen draussen dann echt froh.<\/p>\n<p>Jetzt wart ich noch auf die neue Live-DVD, denn es wurden an den beiden Konzerten Aufnahmen f\u00fcr eine neue Live-DVD gemacht. Des kann ja nur geil werden!!<\/p>\n<p>&nbsp;<\/p>\n<p>Es gibt nur einen Gott!!<\/p>\n<h1 style=\"text-align: center;\"><span style=\"color: #3366ff;\"><strong>BELAFARINROD<\/strong><\/span><\/h1>\n","protected":false},"excerpt":{"rendered":"<p>Samstag war wohl einer der w\u00e4rmsten Tage des ganzen Jahres, in meiner Dachgeschosswohnung wars schonmal nicht wirklich k\u00fchl aber als gr\u00f6\u00dfte Sauna kann man das nicht wirklich bezeichnen. Nein die gr\u00f6\u00dfte Sauna der Welt war an diesem Abend die Festhalle in Frankfurt. Hier trat die beste Band der Welt auf. F\u00fcr alle die nix damit [&hellip;]<\/p>\n","protected":false},"author":2,"featured_media":0,"comment_status":"open","ping_status":"open","sticky":false,"template":"","format":"standard","meta":{"ngg_post_thumbnail":0,"footnotes":""},"categories":[1,9],"tags":[],"class_list":["post-163","post","type-post","status-publish","format-standard","hentry","category-allgemein","category-musik"],"_links":{"self":[{"href":"http:\/\/alleswech.de\/blog\/wp-json\/wp\/v2\/posts\/163","targetHints":{"allow":["GET"]}}],"collection":[{"href":"http:\/\/alleswech.de\/blog\/wp-json\/wp\/v2\/posts"}],"about":[{"href":"http:\/\/alleswech.de\/blog\/wp-json\/wp\/v2\/types\/post"}],"author":[{"embeddable":true,"href":"http:\/\/alleswech.de\/blog\/wp-json\/wp\/v2\/users\/2"}],"replies":[{"embeddable":true,"href":"http:\/\/alleswech.de\/blog\/wp-json\/wp\/v2\/comments?post=163"}],"version-history":[{"count":9,"href":"http:\/\/alleswech.de\/blog\/wp-json\/wp\/v2\/posts\/163\/revisions"}],"predecessor-version":[{"id":172,"href":"http:\/\/alleswech.de\/blog\/wp-json\/wp\/v2\/posts\/163\/revisions\/172"}],"wp:attachment":[{"href":"http:\/\/alleswech.de\/blog\/wp-json\/wp\/v2\/media?parent=163"}],"wp:term":[{"taxonomy":"category","embeddable":true,"href":"http:\/\/alleswech.de\/blog\/wp-json\/wp\/v2\/categories?post=163"},{"taxonomy":"post_tag","embeddable":true,"href":"http:\/\/alleswech.de\/blog\/wp-json\/wp\/v2\/tags?post=163"}],"curies":[{"name":"wp","href":"https:\/\/api.w.org\/{rel}","templated":true}]}}